{"id":381,"date":"2019-11-12T17:09:00","date_gmt":"2019-11-12T16:09:00","guid":{"rendered":"http:\/\/www.atituda.cz\/?p=381"},"modified":"2020-04-02T17:35:00","modified_gmt":"2020-04-02T15:35:00","slug":"konference-pro-lekare-a-fyzioterapeuty-2019","status":"publish","type":"post","link":"https:\/\/www.atituda.cz\/index.php\/2019\/11\/12\/konference-pro-lekare-a-fyzioterapeuty-2019\/","title":{"rendered":"Konference pro l\u00e9ka\u0159e a fyzioterapeuty 2019"},"content":{"rendered":"<style type=\"text\/css\"><\/style>\n<div class=\"wp-block-columns\">\n<div class=\"wp-block-column\">\n<p class=\"has-text-color has-medium-font-size has-very-dark-gray-color\">Fyzioterapeutky Atitudy se aktivn\u011b pod\u00edlely na po\u0159\u00e1d\u00e1n\u00ed konference pro l\u00e9ka\u0159e a fyzioterapeuty pod z\u00e1\u0161titou \u010ceskoslovensk\u00e9 rehabilita\u010dn\u00ed spole\u010dnosti Dr. Vojty. <a href=\"http:\/\/www.vojtovaspolecnost.cz\">www.vojtovaspolecnost.cz<\/a>. <\/p>\n\n\n\n<p class=\"has-text-color has-medium-font-size has-very-dark-gray-color\">T\u00e9ma bylo &#8222;<strong>Vz\u00e1jemn\u00e1 z\u00e1vislost diagnostiky terapie dle Vojty<\/strong>&#8222;. (D\u011btsk\u00e9 centrum Paprsek v Hloub\u011bt\u00edn\u011b, 9. 11. 2019).<\/p>\n\n\n\n<div style=\"height:36px\" aria-hidden=\"true\" class=\"wp-block-spacer\"><\/div>\n\n\n\n<p class=\"has-text-color has-medium-font-size has-very-dark-gray-color\">Mgr. Hana \u010cechov\u00e1 zah\u00e1jila konferenci p\u0159edn\u00e1\u0161kou o &#8222;Vz\u00e1jemn\u00e9m propojen\u00ed diagnostiky a terapie dle Vojty&#8220; a zakon\u010dila p\u0159edn\u00e1\u0161kou o &#8222;T\u00fdmov\u00e9 spolupr\u00e1ci&#8220;. <\/p>\n\n\n\n<div style=\"height:37px\" aria-hidden=\"true\" class=\"wp-block-spacer\"><\/div>\n\n\n\n<p class=\"has-text-color has-medium-font-size has-very-dark-gray-color\">Mgr. Mark\u00e9ta Mesany Klemov\u00e1 po ob\u011bdov\u00e9 pauze pohovo\u0159ila na t\u00e9ma  &#8222;V\u00fdvoj ICP od d\u011btsk\u00e9ho v\u011bku po dosp\u011blost s kazuistikami&#8220;. <\/p>\n<\/div>\n\n\n\n<div class=\"wp-block-column\">\n<figure class=\"wp-block-image size-large\"><img loading=\"lazy\" width=\"1024\" height=\"685\" src=\"http:\/\/www.atituda.cz\/wp-content\/uploads\/2020\/04\/DSC_5226-1024x685.jpg\" alt=\"\" class=\"wp-image-382\" srcset=\"https:\/\/www.atituda.cz\/wp-content\/uploads\/2020\/04\/DSC_5226-1024x685.jpg 1024w, https:\/\/www.atituda.cz\/wp-content\/uploads\/2020\/04\/DSC_5226-300x201.jpg 300w, https:\/\/www.atituda.cz\/wp-content\/uploads\/2020\/04\/DSC_5226-768x514.jpg 768w, https:\/\/www.atituda.cz\/wp-content\/uploads\/2020\/04\/DSC_5226-1536x1028.jpg 1536w, https:\/\/www.atituda.cz\/wp-content\/uploads\/2020\/04\/DSC_5226-2048x1371.jpg 2048w, https:\/\/www.atituda.cz\/wp-content\/uploads\/2020\/04\/DSC_5226-580x388.jpg 580w, https:\/\/www.atituda.cz\/wp-content\/uploads\/2020\/04\/DSC_5226-860x576.jpg 860w, https:\/\/www.atituda.cz\/wp-content\/uploads\/2020\/04\/DSC_5226-1160x777.jpg 1160w\" sizes=\"(max-width: 1024px) 100vw, 1024px\" \/><\/figure>\n<\/div>\n<\/div>\n\n\n\n<div class=\"wp-block-columns\">\n<div class=\"wp-block-column\">\n<figure class=\"wp-block-image size-large\"><img loading=\"lazy\" width=\"1024\" height=\"685\" src=\"http:\/\/www.atituda.cz\/wp-content\/uploads\/2020\/04\/DSC_5232-1024x685.jpg\" alt=\"\" class=\"wp-image-383\" srcset=\"https:\/\/www.atituda.cz\/wp-content\/uploads\/2020\/04\/DSC_5232-1024x685.jpg 1024w, https:\/\/www.atituda.cz\/wp-content\/uploads\/2020\/04\/DSC_5232-300x201.jpg 300w, https:\/\/www.atituda.cz\/wp-content\/uploads\/2020\/04\/DSC_5232-768x514.jpg 768w, https:\/\/www.atituda.cz\/wp-content\/uploads\/2020\/04\/DSC_5232-1536x1028.jpg 1536w, https:\/\/www.atituda.cz\/wp-content\/uploads\/2020\/04\/DSC_5232-2048x1371.jpg 2048w, https:\/\/www.atituda.cz\/wp-content\/uploads\/2020\/04\/DSC_5232-580x388.jpg 580w, https:\/\/www.atituda.cz\/wp-content\/uploads\/2020\/04\/DSC_5232-860x576.jpg 860w, https:\/\/www.atituda.cz\/wp-content\/uploads\/2020\/04\/DSC_5232-1160x777.jpg 1160w\" sizes=\"(max-width: 1024px) 100vw, 1024px\" \/><\/figure>\n\n\n\n<p>Mgr. Hana \u010cechov\u00e1<\/p>\n<\/div>\n\n\n\n<div class=\"wp-block-column\">\n<figure class=\"wp-block-image size-large\"><img loading=\"lazy\" width=\"1024\" height=\"685\" src=\"http:\/\/www.atituda.cz\/wp-content\/uploads\/2020\/04\/DSC_5215-1024x685.jpg\" alt=\"\" class=\"wp-image-385\" srcset=\"https:\/\/www.atituda.cz\/wp-content\/uploads\/2020\/04\/DSC_5215-1024x685.jpg 1024w, https:\/\/www.atituda.cz\/wp-content\/uploads\/2020\/04\/DSC_5215-300x201.jpg 300w, https:\/\/www.atituda.cz\/wp-content\/uploads\/2020\/04\/DSC_5215-768x514.jpg 768w, https:\/\/www.atituda.cz\/wp-content\/uploads\/2020\/04\/DSC_5215-1536x1028.jpg 1536w, https:\/\/www.atituda.cz\/wp-content\/uploads\/2020\/04\/DSC_5215-2048x1371.jpg 2048w, https:\/\/www.atituda.cz\/wp-content\/uploads\/2020\/04\/DSC_5215-580x388.jpg 580w, https:\/\/www.atituda.cz\/wp-content\/uploads\/2020\/04\/DSC_5215-860x576.jpg 860w, https:\/\/www.atituda.cz\/wp-content\/uploads\/2020\/04\/DSC_5215-1160x777.jpg 1160w\" sizes=\"(max-width: 1024px) 100vw, 1024px\" \/><\/figure>\n\n\n\n<p>Irena \u0160am\u0161ov\u00e1 a Mark\u00e9ta J\u00e1nsk\u00e1<\/p>\n<\/div>\n<\/div>\n","protected":false},"excerpt":{"rendered":"<p>Fyzioterapeutky Atitudy se aktivn\u011b pod\u00edlely na po\u0159\u00e1d\u00e1n\u00ed konference pro l\u00e9ka\u0159e a fyzioterapeuty pod z\u00e1\u0161titou \u010ceskoslovensk\u00e9 rehabilita\u010dn\u00ed spole\u010dnosti Dr. Vojty. www.vojtovaspolecnost.cz. T\u00e9ma bylo &#8222;Vz\u00e1jemn\u00e1 z\u00e1vislost diagnostiky terapie dle Vojty&#8222;. (D\u011btsk\u00e9 centrum Paprsek v Hloub\u011bt\u00edn\u011b, 9. 11. 2019). Mgr. Hana \u010cechov\u00e1 zah\u00e1jila konferenci p\u0159edn\u00e1\u0161kou o &#8222;Vz\u00e1jemn\u00e9m propojen\u00ed diagnostiky a terapie dle Vojty&#8220; a zakon\u010dila p\u0159edn\u00e1\u0161kou o &#8222;T\u00fdmov\u00e9&#8230;<\/p>\n","protected":false},"author":4,"featured_media":382,"comment_status":"open","ping_status":"open","sticky":false,"template":"","format":"standard","meta":[],"categories":[5],"tags":[],"_links":{"self":[{"href":"https:\/\/www.atituda.cz\/index.php\/wp-json\/wp\/v2\/posts\/381"}],"collection":[{"href":"https:\/\/www.atituda.cz\/index.php\/wp-json\/wp\/v2\/posts"}],"about":[{"href":"https:\/\/www.atituda.cz\/index.php\/wp-json\/wp\/v2\/types\/post"}],"author":[{"embeddable":true,"href":"https:\/\/www.atituda.cz\/index.php\/wp-json\/wp\/v2\/users\/4"}],"replies":[{"embeddable":true,"href":"https:\/\/www.atituda.cz\/index.php\/wp-json\/wp\/v2\/comments?post=381"}],"version-history":[{"count":10,"href":"https:\/\/www.atituda.cz\/index.php\/wp-json\/wp\/v2\/posts\/381\/revisions"}],"predecessor-version":[{"id":398,"href":"https:\/\/www.atituda.cz\/index.php\/wp-json\/wp\/v2\/posts\/381\/revisions\/398"}],"wp:featuredmedia":[{"embeddable":true,"href":"https:\/\/www.atituda.cz\/index.php\/wp-json\/wp\/v2\/media\/382"}],"wp:attachment":[{"href":"https:\/\/www.atituda.cz\/index.php\/wp-json\/wp\/v2\/media?parent=381"}],"wp:term":[{"taxonomy":"category","embeddable":true,"href":"https:\/\/www.atituda.cz\/index.php\/wp-json\/wp\/v2\/categories?post=381"},{"taxonomy":"post_tag","embeddable":true,"href":"https:\/\/www.atituda.cz\/index.php\/wp-json\/wp\/v2\/tags?post=381"}],"curies":[{"name":"wp","href":"https:\/\/api.w.org\/{rel}","templated":true}]}}